{"id":618,"date":"2006-09-28T08:51:42","date_gmt":"2006-09-28T06:51:42","guid":{"rendered":"http:\/\/www.franciscovanjole.com\/blog\/?p=618"},"modified":"2006-09-28T08:51:42","modified_gmt":"2006-09-28T06:51:42","slug":"het-nieuwe-screenen","status":"publish","type":"post","link":"https:\/\/www.franciscovanjole.com\/blog\/2006\/09\/28\/het-nieuwe-screenen\/","title":{"rendered":"Het nieuwe screenen"},"content":{"rendered":"<p><a href=\"http:\/\/users.pandora.be\/michel.vanhalme\/films3504.htm\"><img loading=\"lazy\" decoding=\"async\" alt=\"reinem.jpg\" src=\"http:\/\/www.franciscovanjole.com\/log\/img\/reinem.jpg\" width=\"200\" height=\"133\" align=right><\/a>De Armeense organisatie <a href=\"http:\/\/www.24april.nl\/\">FAON<\/a> wil dat na de verbanning van enkele kandidaatkamerleden ook de reeds zittende Turks-Nederlandse kamerleden hun standpunt over de genocide uit 1915 gaan openbaren. De PvdA overweegt op basis van de affaire kandidaat-kamerleden zwaarder te gaan screenen, schrijft <a href=\"http:\/\/www.volkskrant.nl\/binnenland\/article353137.ece\/PvdA_wil_scherper_screenen\">de Volkskrant<\/a>.<br \/>\nAanleiding is de weigering van veel Turken om de massamoord op Armeniers bijna honderd jaar geleden genocide te noemen.<br \/>\nAls iemand die als katholiek jongetje is opgegroeid tussen protestantse vriendjes en daardoor al met de paplepel historische meningsverschillen kreeg ingegoten &#8211; waren de Geuzen terroristen die katholieken vermoordden of vrijheiddstrijders die het land verlosten van de Spanjaarden? &#8211; vraag ik me af of er niet nog wat andere zaken zijn op te rakelen.<br \/>\nDe Bartolomeusnacht lijkt me een mooi begin. Tijdens die nacht in augustus 1572 werd er door de katholieke machthebbers in Frankrijk een massamoord gepleegd op de protestanten met als doel ze allemaal uit te roeien. Het aantal slachtoffers loopt uiteen van honderdduizend doden in de protestante versie tot <a href=\"http:\/\/www.newadvent.org\/cathen\/13333b.htm\">786<\/a> in de katholieke versie van de geschiedenis. De tragedie werd indrukwekkend verfilmd in <a href=\"http:\/\/imdb.com\/title\/tt0110963\/\">La Reine Margot<\/a>.<br \/>\nDie gebeurtenis is een tamelijk essentieel onderdeel van de Nederlandse geschiedenis. De Vader des Vaderlands, Willem de Zwijger heeft er zijn naam aan ontleend. Hij had van dergelijke plannen gehoord maar ze nooit aan iemand verteld, vandaar zijn bijnaam.<br \/>\nVoor de <a href=\"http:\/\/www.reformation.org\/bart.html\">protestanten<\/a> is die nacht nog steeds het bewijs van de slechtheid van de katholieken: When news of the Massacre reached the Vatican there was jubilation!<br \/>\nVoor de <a href=\"http:\/\/satura-lanx.telenet.be\/Vita%20Romana\/05_Vita%20Romana_pausen\/Paus%20Gregorius%20XIII.htm\">katholieken<\/a> ligt de zaak anders: Hij (de paus, fvj) barstte in tranen uit toen hij de waarheid vernam.<br \/>\nMisschien toch aardig om van premier Balkenende (protestant) en CDA-fractievoorzitter Verhagen (katholiek) nog eens hun precieze standpunten over deze historische kwestie te vernemen.<br \/>\nOp de Balkan en in bijvoorbeeld Noord-Ierland hebben ze immers ook al jaren plezier van soortgelijke historische meningsverschillen.<\/p>\n","protected":false},"excerpt":{"rendered":"<p>De Armeense organisatie FAON wil dat na de verbanning van enkele kandidaatkamerleden ook de reeds zittende Turks-Nederlandse kamerleden hun standpunt over de genocide uit 1915 gaan openbaren. De PvdA overweegt op basis van de affaire kandidaat-kamerleden zwaarder te gaan screenen, schrijft de Volkskrant. Aanleiding is de weigering van veel Turken om de massamoord op Armeniers&#8230; <a href=\"https:\/\/www.franciscovanjole.com\/blog\/2006\/09\/28\/het-nieuwe-screenen\/\" class=\"readmore\">Lees verder<span class=\"screen-reader-text\">Het nieuwe screenen<\/span><span class=\"fa fa-angle-double-right\" aria-hidden=\"true\"><\/span><\/a><\/p>\n","protected":false},"author":2,"featured_media":0,"comment_status":"closed","ping_status":"closed","sticky":false,"template":"","format":"standard","meta":{"advanced_seo_description":"","jetpack_seo_html_title":"","jetpack_seo_noindex":false,"_jetpack_memberships_contains_paid_content":false,"footnotes":"","jetpack_publicize_message":"","jetpack_publicize_feature_enabled":true,"jetpack_social_post_already_shared":false,"jetpack_social_options":{"image_generator_settings":{"template":"highway","default_image_id":0,"font":"","enabled":false},"version":2}},"categories":[1],"tags":[],"class_list":["post-618","post","type-post","status-publish","format-standard","hentry","category-uncategorized","content-layout-excerpt-thumb"],"jetpack_publicize_connections":[],"jetpack_featured_media_url":"","jetpack_sharing_enabled":true,"jetpack_likes_enabled":true,"jetpack-related-posts":[{"id":5707,"url":"https:\/\/www.franciscovanjole.com\/blog\/2023\/02\/04\/blij-dat-ik-toch-niet-weggelopen-ben-uit-deze-film\/","url_meta":{"origin":618,"position":0},"title":"Blij dat ik toch niet weggelopen ben uit deze film","author":"Francisco","date":"4 februari 2023","format":false,"excerpt":"Under the Hanging Tree is een Namibische film. Dat is op zich al een zeldzaamheid want er zijn in het zuidwest-afrikaanse land maar 20 films gemaakt. Het IFFR prijst hem aan als een film noir maar ik zou het eerder een western noemen. Een hedendaagse Afrikaanse western, opgenomen in de\u2026","rel":"","context":"In &quot;Film&quot;","block_context":{"text":"Film","link":"https:\/\/www.franciscovanjole.com\/blog\/category\/film\/"},"img":{"alt_text":"","src":"https:\/\/i0.wp.com\/www.franciscovanjole.com\/blog\/wp-content\/\/img_8557.jpg?resize=350%2C200&ssl=1","width":350,"height":200,"srcset":"https:\/\/i0.wp.com\/www.franciscovanjole.com\/blog\/wp-content\/\/img_8557.jpg?resize=350%2C200&ssl=1 1x, https:\/\/i0.wp.com\/www.franciscovanjole.com\/blog\/wp-content\/\/img_8557.jpg?resize=525%2C300&ssl=1 1.5x, https:\/\/i0.wp.com\/www.franciscovanjole.com\/blog\/wp-content\/\/img_8557.jpg?resize=700%2C400&ssl=1 2x, https:\/\/i0.wp.com\/www.franciscovanjole.com\/blog\/wp-content\/\/img_8557.jpg?resize=1050%2C600&ssl=1 3x"},"classes":[]},{"id":106,"url":"https:\/\/www.franciscovanjole.com\/blog\/2004\/10\/04\/ontheiliging\/","url_meta":{"origin":618,"position":1},"title":"Ontheiliging","author":"Francisco","date":"4 oktober 2004","format":false,"excerpt":"Eigenlijk wilde ik vandaag iets schrijven over Franciscus van Assisi, zo ongeveer de enige heilige die ook buiten de katholieke kerk geaccepteerd wordt. In zuidelijker landen zou het vandaag, zijn sterfdag, mijn naamdag ofwel 'verjaardag' zijn. Toen ik op de lagere school zat heb ik nog wel eens geprobeerd die\u2026","rel":"","context":"Soortgelijk bericht","block_context":{"text":"Soortgelijk bericht","link":""},"img":{"alt_text":"","src":"","width":0,"height":0},"classes":[]},{"id":80,"url":"https:\/\/www.franciscovanjole.com\/blog\/2004\/09\/23\/katholieken-onder-elkaar\/","url_meta":{"origin":618,"position":2},"title":"Katholieken onder elkaar","author":"Francisco","date":"23 september 2004","format":false,"excerpt":"Wat me nou nog het meest intrigeert aan de zwarte lijst van KRO Reporter is dat er geen KRO-medewerkers op voorkomen. Of nou ja, \u00e9\u00e9ntje: Fons de Poel (wie anders?). Voor zo ver ik weet zijn er nog geen strafmaatregelen tegen De Poel genomen, dus het m\u00e1g kennelijk wel bij\u2026","rel":"","context":"Soortgelijk bericht","block_context":{"text":"Soortgelijk bericht","link":""},"img":{"alt_text":"","src":"","width":0,"height":0},"classes":[]},{"id":955,"url":"https:\/\/www.franciscovanjole.com\/blog\/2008\/05\/08\/cocorosie-het-concertgebouworkest\/","url_meta":{"origin":618,"position":3},"title":"CocoRosie &#038; het Concertgebouworkest","author":"Francisco","date":"8 mei 2008","format":false,"excerpt":"Het nu al legendarische concert dat CocoRosie en het Concertgebouworkest aan de vooravond van Koninginnedag in het Concertgebouw gaven is inmiddels online terug te kijken. 1. Gyorgy Ligeti - Atmospheres 2. CocoRosie - Black Rainbow 3. CocoRosie - Good Friday 4. Charles Ives - Putnam's Camp, Redding, Connecticut (uit Three\u2026","rel":"","context":"Soortgelijk bericht","block_context":{"text":"Soortgelijk bericht","link":""},"img":{"alt_text":"coco.jpg","src":"https:\/\/i0.wp.com\/www.franciscovanjole.com\/log\/img\/coco.jpg?resize=350%2C200","width":350,"height":200},"classes":[]},{"id":842,"url":"https:\/\/www.franciscovanjole.com\/blog\/2007\/11\/04\/deining-darfur-eh\/","url_meta":{"origin":618,"position":4},"title":"Deining: Darfur? Eh&#8230;.","author":"Francisco","date":"4 november 2007","format":false,"excerpt":"Deze week gaat de media-actie 'Tot zo ver Darfur' van start om aandacht te vragen voor het leed in dit conflictgebied. Want in Nederland berichten de media te weinig over Darfur. Omdat het publiek er niet in ge\u00efnteresseerd zou zijn. Of omdat de media dat denken. Maar is dat allemaal\u2026","rel":"","context":"Soortgelijk bericht","block_context":{"text":"Soortgelijk bericht","link":""},"img":{"alt_text":"natasja.jpg","src":"https:\/\/i0.wp.com\/www.franciscovanjole.com\/log\/img\/natasja.jpg?resize=350%2C200","width":350,"height":200},"classes":[]},{"id":1118,"url":"https:\/\/www.franciscovanjole.com\/blog\/2008\/12\/14\/de-nieuwe-heksen\/","url_meta":{"origin":618,"position":5},"title":"De Nieuwe Heksen","author":"Francisco","date":"14 december 2008","format":false,"excerpt":"Op verzoek van 'Erasmus in Rotterdam' schreef ik onderstaande column voor een bijlage die bij nrc.next werd gevoegd. De reportage begint met een Nederlands straatbeeld. In slow motion. Een Turkse jongen kijkt achterom naar de camera terwijl hij wegloopt, een busje met daarin een man in islamitisch uitgaanstenue rijdt voorbij.\u2026","rel":"","context":"Soortgelijk bericht","block_context":{"text":"Soortgelijk bericht","link":""},"img":{"alt_text":"erasmus.jpg","src":"https:\/\/i0.wp.com\/www.franciscovanjole.com\/log\/img\/erasmus.jpg?resize=350%2C200","width":350,"height":200},"classes":[]}],"_links":{"self":[{"href":"https:\/\/www.franciscovanjole.com\/blog\/wp-json\/wp\/v2\/posts\/618","targetHints":{"allow":["GET"]}}],"collection":[{"href":"https:\/\/www.franciscovanjole.com\/blog\/wp-json\/wp\/v2\/posts"}],"about":[{"href":"https:\/\/www.franciscovanjole.com\/blog\/wp-json\/wp\/v2\/types\/post"}],"author":[{"embeddable":true,"href":"https:\/\/www.franciscovanjole.com\/blog\/wp-json\/wp\/v2\/users\/2"}],"replies":[{"embeddable":true,"href":"https:\/\/www.franciscovanjole.com\/blog\/wp-json\/wp\/v2\/comments?post=618"}],"version-history":[{"count":0,"href":"https:\/\/www.franciscovanjole.com\/blog\/wp-json\/wp\/v2\/posts\/618\/revisions"}],"wp:attachment":[{"href":"https:\/\/www.franciscovanjole.com\/blog\/wp-json\/wp\/v2\/media?parent=618"}],"wp:term":[{"taxonomy":"category","embeddable":true,"href":"https:\/\/www.franciscovanjole.com\/blog\/wp-json\/wp\/v2\/categories?post=618"},{"taxonomy":"post_tag","embeddable":true,"href":"https:\/\/www.franciscovanjole.com\/blog\/wp-json\/wp\/v2\/tags?post=618"}],"curies":[{"name":"wp","href":"https:\/\/api.w.org\/{rel}","templated":true}]}}