{"id":641,"date":"2006-11-10T14:04:34","date_gmt":"2006-11-10T12:04:34","guid":{"rendered":"http:\/\/www.franciscovanjole.com\/blog\/?p=641"},"modified":"2006-11-10T14:04:34","modified_gmt":"2006-11-10T12:04:34","slug":"net-op-tijd-binnen-voor-het-weekend","status":"publish","type":"post","link":"https:\/\/www.franciscovanjole.com\/blog\/2006\/11\/10\/net-op-tijd-binnen-voor-het-weekend\/","title":{"rendered":"Net op tijd binnen voor het weekend"},"content":{"rendered":"<p><img loading=\"lazy\" decoding=\"async\" alt=\"245.jpg\" src=\"http:\/\/www.franciscovanjole.com\/log\/img\/245.jpg\" width=\"250\" height=\"333\" align=left><\/p>\n","protected":false},"excerpt":{"rendered":"","protected":false},"author":2,"featured_media":0,"comment_status":"closed","ping_status":"closed","sticky":false,"template":"","format":"standard","meta":{"advanced_seo_description":"","jetpack_seo_html_title":"","jetpack_seo_noindex":false,"_jetpack_memberships_contains_paid_content":false,"footnotes":"","jetpack_publicize_message":"","jetpack_publicize_feature_enabled":true,"jetpack_social_post_already_shared":false,"jetpack_social_options":{"image_generator_settings":{"template":"highway","default_image_id":0,"font":"","enabled":false},"version":2}},"categories":[1],"tags":[],"class_list":["post-641","post","type-post","status-publish","format-standard","hentry","category-uncategorized","content-layout-excerpt-thumb"],"jetpack_publicize_connections":[],"jetpack_featured_media_url":"","jetpack_sharing_enabled":true,"jetpack_likes_enabled":true,"jetpack-related-posts":[{"id":263,"url":"https:\/\/www.franciscovanjole.com\/blog\/2005\/01\/04\/prettig-grijs\/","url_meta":{"origin":641,"position":0},"title":"Prettig grijs","author":"Francisco","date":"4 januari 2005","format":false,"excerpt":"\"Bij ons in het Westen is het altijd zwart of wit, hier is niets zo absoluut, alles is meer grijs,\" verklaarde Wu, een Australische tennisleraar die in 1970 in Vietnam werd geboren, na de overwinning van de communisten vluchtte en nu na dertig jaar voor het eerst zijn geboorteland bezocht.\u2026","rel":"","context":"Soortgelijk bericht","block_context":{"text":"Soortgelijk bericht","link":""},"img":{"alt_text":"","src":"","width":0,"height":0},"classes":[]},{"id":5709,"url":"https:\/\/www.franciscovanjole.com\/blog\/2023\/02\/07\/pedofiliebeschuldiging-als-middel-om-tegenstanders-uit-te-schakelen\/","url_meta":{"origin":641,"position":1},"title":"Pedofiliebeschuldiging als middel om tegenstanders uit te schakelen","author":"Francisco","date":"7 februari 2023","format":false,"excerpt":"Net nadat extreemrechts dit weekend de jacht had geopend op een kinderboekenschrijver met de zelfverzonnen beschuldiging dat hij pedofiel zou zijn, zag ik een film over een man die dat ook overkomt. Het blijkt in Rusland een bekende methode om politieke tegenstanders uit te schakelen. Kompromat noemen ze dat. Een\u2026","rel":"","context":"In &quot;Film&quot;","block_context":{"text":"Film","link":"https:\/\/www.franciscovanjole.com\/blog\/category\/film\/"},"img":{"alt_text":"","src":"https:\/\/i0.wp.com\/www.franciscovanjole.com\/blog\/wp-content\/\/img_8693.jpg?resize=350%2C200&ssl=1","width":350,"height":200,"srcset":"https:\/\/i0.wp.com\/www.franciscovanjole.com\/blog\/wp-content\/\/img_8693.jpg?resize=350%2C200&ssl=1 1x, https:\/\/i0.wp.com\/www.franciscovanjole.com\/blog\/wp-content\/\/img_8693.jpg?resize=525%2C300&ssl=1 1.5x, https:\/\/i0.wp.com\/www.franciscovanjole.com\/blog\/wp-content\/\/img_8693.jpg?resize=700%2C400&ssl=1 2x, https:\/\/i0.wp.com\/www.franciscovanjole.com\/blog\/wp-content\/\/img_8693.jpg?resize=1050%2C600&ssl=1 3x, https:\/\/i0.wp.com\/www.franciscovanjole.com\/blog\/wp-content\/\/img_8693.jpg?resize=1400%2C800&ssl=1 4x"},"classes":[]},{"id":111,"url":"https:\/\/www.franciscovanjole.com\/blog\/2004\/10\/06\/snel-en-gemakkelijk-altijd-verdacht\/","url_meta":{"origin":641,"position":2},"title":"Snel en gemakkelijk, altijd verdacht","author":"Francisco","date":"6 oktober 2004","format":false,"excerpt":"Ben ik een keer slagvaardig in plaats van verlamd te worden door twijfel en gedub (zal ik dit wel doen?; doe ik het wel goed?; had ik niet beter iets anders kunnen doen?; tuin ik niet ergens in?) en boek ik in een vlaag van overmoed binnen vijf minuten tijd\u2026","rel":"","context":"Soortgelijk bericht","block_context":{"text":"Soortgelijk bericht","link":""},"img":{"alt_text":"","src":"","width":0,"height":0},"classes":[]},{"id":952,"url":"https:\/\/www.franciscovanjole.com\/blog\/2008\/05\/05\/vervangen\/","url_meta":{"origin":641,"position":3},"title":"Vervangen","author":"Francisco","date":"5 mei 2008","format":false,"excerpt":"Gisteren stond het op alle informatieborden boven de Nederlandse snelwegen. Ik zag het zaterdag op weg van Maastricht naar huis en zondag op weg naar Amsterdam. 'Veilig herdenken? Zoek een parkeerplaats. Niet op de vluchtstrook.' Het enige wat ontbrak was een uitroepteken op het einde. Ik vermoed dat de schrijver\u2026","rel":"","context":"Soortgelijk bericht","block_context":{"text":"Soortgelijk bericht","link":""},"img":{"alt_text":"herdenken.jpg","src":"https:\/\/i0.wp.com\/www.franciscovanjole.com\/log\/img\/herdenken.jpg?resize=350%2C200","width":350,"height":200},"classes":[]},{"id":427,"url":"https:\/\/www.franciscovanjole.com\/blog\/2005\/06\/27\/magnetron-vs-media\/","url_meta":{"origin":641,"position":4},"title":"Magnetron vs. media","author":"Francisco","date":"27 juni 2005","format":false,"excerpt":"De magnetron vervangt soms nu al de tv Originally uploaded by strph. John de Mol presenteerde vandaag zijn plannen met Talpa. Hij bevestigde volgens het ANP zijn geloof in een mediarevolutie \"en dat er in de komende vijf jaar meer verandert dan er in de afgelopen vijftig veranderd is. Ik\u2026","rel":"","context":"Soortgelijk bericht","block_context":{"text":"Soortgelijk bericht","link":""},"img":{"alt_text":"","src":"","width":0,"height":0},"classes":[]},{"id":890,"url":"https:\/\/www.franciscovanjole.com\/blog\/2008\/02\/12\/kiezen-2\/","url_meta":{"origin":641,"position":5},"title":"Kiezen","author":"Francisco","date":"12 februari 2008","format":false,"excerpt":"In het v\u00f3\u00f3r of t\u00e9gen debat, voel ik mezelf vaak bungelen tussen de twee keuzes. Ik ben voor maar ook tegen, of niet helemaal voor en ook niet helemaal tegen. En dan voel ik me weer laf omdat ik de verwijten al hoor dat ik kennelijk geen keuze durf te\u2026","rel":"","context":"Soortgelijk bericht","block_context":{"text":"Soortgelijk bericht","link":""},"img":{"alt_text":"kameleon.jpg","src":"https:\/\/i0.wp.com\/www.franciscovanjole.com\/log\/img\/kameleon.jpg?resize=350%2C200","width":350,"height":200},"classes":[]}],"_links":{"self":[{"href":"https:\/\/www.franciscovanjole.com\/blog\/wp-json\/wp\/v2\/posts\/641","targetHints":{"allow":["GET"]}}],"collection":[{"href":"https:\/\/www.franciscovanjole.com\/blog\/wp-json\/wp\/v2\/posts"}],"about":[{"href":"https:\/\/www.franciscovanjole.com\/blog\/wp-json\/wp\/v2\/types\/post"}],"author":[{"embeddable":true,"href":"https:\/\/www.franciscovanjole.com\/blog\/wp-json\/wp\/v2\/users\/2"}],"replies":[{"embeddable":true,"href":"https:\/\/www.franciscovanjole.com\/blog\/wp-json\/wp\/v2\/comments?post=641"}],"version-history":[{"count":0,"href":"https:\/\/www.franciscovanjole.com\/blog\/wp-json\/wp\/v2\/posts\/641\/revisions"}],"wp:attachment":[{"href":"https:\/\/www.franciscovanjole.com\/blog\/wp-json\/wp\/v2\/media?parent=641"}],"wp:term":[{"taxonomy":"category","embeddable":true,"href":"https:\/\/www.franciscovanjole.com\/blog\/wp-json\/wp\/v2\/categories?post=641"},{"taxonomy":"post_tag","embeddable":true,"href":"https:\/\/www.franciscovanjole.com\/blog\/wp-json\/wp\/v2\/tags?post=641"}],"curies":[{"name":"wp","href":"https:\/\/api.w.org\/{rel}","templated":true}]}}