{"id":745,"date":"2007-05-25T08:58:12","date_gmt":"2007-05-25T06:58:12","guid":{"rendered":"http:\/\/www.franciscovanjole.com\/blog\/?p=745"},"modified":"2007-05-25T08:58:12","modified_gmt":"2007-05-25T06:58:12","slug":"het-incident-en-de-krantenkop","status":"publish","type":"post","link":"https:\/\/www.franciscovanjole.com\/blog\/2007\/05\/25\/het-incident-en-de-krantenkop\/","title":{"rendered":"Het incident en de krantenkop"},"content":{"rendered":"<p>Deze kop &#8216;Marokkanen gooien homo in het water&#8217; stond vanochtend in chocoladeletters op de site van de Telegraaf. Inmiddels is daar het wat cryptischer &#8216;Marokkanen-terreur homo&#8217; van gemaakt.<br \/>\nMaar die eerste kop is het fascinerends. Je kunt er namelijk mee vari&euml;ren zonder iets aan het feitelijke misdrijf te veranderen.<\/p>\n<p><img loading=\"lazy\" decoding=\"async\" alt=\"Afbeelding 18.png\" src=\"http:\/\/www.franciscovanjole.com\/log\/img\/Afbeelding 18.png\" width=\"365\" height=\"185\" align=right><br \/>\nLees ze eens:<br \/>\nJongeren gooien man in het water<br \/>\nJongeren gooien homo in het water<br \/>\nMannen gooien man in het water<br \/>\nMannen gooien homo in het water<br \/>\nMarokkanen gooien man in het water<br \/>\nMarokkanen gooien homo in het water<br \/>\nWat klinkt het schokkends?<br \/>\nDe laatste is ongetwijfeld het meest pakkend en schrikaanjagend. Waarom? Omdat hij de meeste detail-informatie bevat? Omdat hij het verhaal vertelt? Zou &#8216;Nederlanders gooien homo in het water&#8217; dan net zo aanslaan?<br \/>\nNee, de kop is het meest pakkend omdat hij de meeste automatische invulling oproept. Hij bevestigt wat je al dacht, waar je bang voor bent. Hij maakt handig gebruik van je vooroordelen.<br \/>\nHet bevestigen van vooroordelen is de <i>core business<\/i> van het Telegraaf-concern. Is dat zoals ze zelf zeggen &#8216;gezond verstand&#8217;?<br \/>\nOver dat mechanisme ging gisteren &#8216;Is Dat Eigenlijk Wel Zo?&#8217;. Je kunt de aflevering &#8216;Aboutaleb en de labrador&#8217; <a href=\"http:\/\/omroep.vara.nl\/Afleveringen.2142.0.html\">hier<\/a> terug zien.<\/p>\n","protected":false},"excerpt":{"rendered":"<p>Deze kop &#8216;Marokkanen gooien homo in het water&#8217; stond vanochtend in chocoladeletters op de site van de Telegraaf. Inmiddels is daar het wat cryptischer &#8216;Marokkanen-terreur homo&#8217; van gemaakt. Maar die eerste kop is het fascinerends. Je kunt er namelijk mee vari&euml;ren zonder iets aan het feitelijke misdrijf te veranderen. Lees ze eens: Jongeren gooien man&#8230; <a href=\"https:\/\/www.franciscovanjole.com\/blog\/2007\/05\/25\/het-incident-en-de-krantenkop\/\" class=\"readmore\">Lees verder<span class=\"screen-reader-text\">Het incident en de krantenkop<\/span><span class=\"fa fa-angle-double-right\" aria-hidden=\"true\"><\/span><\/a><\/p>\n","protected":false},"author":2,"featured_media":0,"comment_status":"closed","ping_status":"closed","sticky":false,"template":"","format":"standard","meta":{"advanced_seo_description":"","jetpack_seo_html_title":"","jetpack_seo_noindex":false,"_jetpack_memberships_contains_paid_content":false,"footnotes":"","jetpack_publicize_message":"","jetpack_publicize_feature_enabled":true,"jetpack_social_post_already_shared":false,"jetpack_social_options":{"image_generator_settings":{"template":"highway","default_image_id":0,"font":"","enabled":false},"version":2}},"categories":[1],"tags":[],"class_list":["post-745","post","type-post","status-publish","format-standard","hentry","category-uncategorized","content-layout-excerpt-thumb"],"jetpack_publicize_connections":[],"jetpack_featured_media_url":"","jetpack_sharing_enabled":true,"jetpack_likes_enabled":true,"jetpack-related-posts":[{"id":792,"url":"https:\/\/www.franciscovanjole.com\/blog\/2007\/07\/24\/meten-met-twee-maten\/","url_meta":{"origin":745,"position":0},"title":"Meten met twee maten","author":"Francisco","date":"24 juli 2007","format":false,"excerpt":"Twee maanden geleden schreef ik een stukje over de Telegraaf-kop 'Marokkanen gooien homo in het water'. Dat leverde toen natuurlijk weer veel reacties op die me van 'politieke correctheid' beschuldigden. Vandaag is er al een tijd het bericht 'Jongeren belagen opnieuw homo's' maar om de een of andere reden wordt\u2026","rel":"","context":"Soortgelijk bericht","block_context":{"text":"Soortgelijk bericht","link":""},"img":{"alt_text":"1_Homofobie-3.jpg","src":"https:\/\/i0.wp.com\/www.franciscovanjole.com\/log\/archives\/1_Homofobie-3.jpg?resize=350%2C200","width":350,"height":200},"classes":[]},{"id":1191,"url":"https:\/\/www.franciscovanjole.com\/blog\/2009\/09\/15\/respectloos\/","url_meta":{"origin":745,"position":1},"title":"Respectloos","author":"admin","date":"15 september 2009","format":false,"excerpt":"De Troonrede die de koningin, gehuld in een crisisbestendige oud-roze robe, zojuist voorlas bevat deze opvallende passage: \"Gebrek aan integratie van sommige groepen in de samenleving, onfatsoenlijk en respectloos handelen van velen in de openbare ruimte en crimineel gedrag van groepen jongeren blijken hardnekkig en veroorzaken veel maatschappelijk ongenoegen. De\u2026","rel":"","context":"In &quot;Leven&quot;","block_context":{"text":"Leven","link":"https:\/\/www.franciscovanjole.com\/blog\/category\/leven\/"},"img":{"alt_text":"CC foto: icanteachyouhowtodoit","src":"https:\/\/i0.wp.com\/www.franciscovanjole.com\/blog\/wp-content\/uploads\/respectloos.jpg?resize=350%2C200","width":350,"height":200},"classes":[]},{"id":692,"url":"https:\/\/www.franciscovanjole.com\/blog\/2007\/02\/05\/tweede-leven\/","url_meta":{"origin":745,"position":2},"title":"Tweede leven","author":"Francisco","date":"5 februari 2007","format":false,"excerpt":"Edward Snijders trekt de hele wereld over met zijn onderwatercamera. Dit jaar won hij op het Adobe Environmental Award op het Seestern Festival in Duitsland met zijn film Seals for Real. In de 7 minuten durende film (geheel online te bekijken) vraagt hij aandacht voor het lot van de robben\u2026","rel":"","context":"Soortgelijk bericht","block_context":{"text":"Soortgelijk bericht","link":""},"img":{"alt_text":"sealreal.jpg","src":"https:\/\/i0.wp.com\/www.franciscovanjole.com\/log\/img\/sealreal.jpg?resize=350%2C200","width":350,"height":200},"classes":[]},{"id":3930,"url":"https:\/\/www.franciscovanjole.com\/blog\/2018\/12\/18\/echte-troll\/","url_meta":{"origin":745,"position":3},"title":"Echte trollen","author":"Francisco","date":"18 december 2018","format":false,"excerpt":"Maandagavond belandde ik in de bios bij Gr\u00e4ns omdat een goede vriendin die film graag wilde zien. Ga je mee? Ik had geen idee. Gr\u00e4ns bleek Zweeds voor grens. Je spreekt het ook op dezelfde manier uit dus waarom die Zweden zo raar doen met een \u00e4 is mij een\u2026","rel":"","context":"In &quot;Film&quot;","block_context":{"text":"Film","link":"https:\/\/www.franciscovanjole.com\/blog\/category\/film\/"},"img":{"alt_text":"","src":"https:\/\/i0.wp.com\/www.franciscovanjole.com\/blog\/wp-content\/\/grans.jpg?resize=350%2C200&ssl=1","width":350,"height":200,"srcset":"https:\/\/i0.wp.com\/www.franciscovanjole.com\/blog\/wp-content\/\/grans.jpg?resize=350%2C200&ssl=1 1x, https:\/\/i0.wp.com\/www.franciscovanjole.com\/blog\/wp-content\/\/grans.jpg?resize=525%2C300&ssl=1 1.5x, https:\/\/i0.wp.com\/www.franciscovanjole.com\/blog\/wp-content\/\/grans.jpg?resize=700%2C400&ssl=1 2x"},"classes":[]},{"id":6791,"url":"https:\/\/www.franciscovanjole.com\/blog\/2024\/04\/03\/thelma-louise-de-marokkaanse-versie\/","url_meta":{"origin":745,"position":4},"title":"Thelma &amp; Louise, de Marokkaanse versie","author":"Francisco","date":"3 april 2024","format":false,"excerpt":"Dit is Thelma & Louise in Marokko, denk je onwillekeurig tijdens het bekijken van Queens, een Marokkaanse roadmovie over twee vrouwen en een meisje die van Casablanca door het Atlas-gebergte op de vlucht zijn voor de politie. De film is mede met Nederlands geld gefinancierd maar heeft hier nooit de\u2026","rel":"","context":"In &quot;Film&quot;","block_context":{"text":"Film","link":"https:\/\/www.franciscovanjole.com\/blog\/category\/film\/"},"img":{"alt_text":"","src":"https:\/\/i0.wp.com\/www.franciscovanjole.com\/blog\/wp-content\/\/img_1801-1.jpg?resize=350%2C200&ssl=1","width":350,"height":200,"srcset":"https:\/\/i0.wp.com\/www.franciscovanjole.com\/blog\/wp-content\/\/img_1801-1.jpg?resize=350%2C200&ssl=1 1x, https:\/\/i0.wp.com\/www.franciscovanjole.com\/blog\/wp-content\/\/img_1801-1.jpg?resize=525%2C300&ssl=1 1.5x, https:\/\/i0.wp.com\/www.franciscovanjole.com\/blog\/wp-content\/\/img_1801-1.jpg?resize=700%2C400&ssl=1 2x, https:\/\/i0.wp.com\/www.franciscovanjole.com\/blog\/wp-content\/\/img_1801-1.jpg?resize=1050%2C600&ssl=1 3x, https:\/\/i0.wp.com\/www.franciscovanjole.com\/blog\/wp-content\/\/img_1801-1.jpg?resize=1400%2C800&ssl=1 4x"},"classes":[]},{"id":965,"url":"https:\/\/www.franciscovanjole.com\/blog\/2008\/06\/24\/veroordeling-per-kop\/","url_meta":{"origin":745,"position":5},"title":"Veroordeling per kop","author":"Francisco","date":"24 juni 2008","format":false,"excerpt":"Koppenmakers houden niet van nuance. Niet alleen omdat de beperking het amper toestaat maar ook omdat het verhaal aanlokkelijk 'neergezet' moet worden. 'Moordende journalist pleegt zelfmoord' staat er dus op gezag van het ANP onder meer op de site van NRC Handelsblad. Het is een bizarre kop voor een nog\u2026","rel":"","context":"Soortgelijk bericht","block_context":{"text":"Soortgelijk bericht","link":""},"img":{"alt_text":"emmer.jpg","src":"https:\/\/i0.wp.com\/www.franciscovanjole.com\/log\/img\/emmer.jpg?resize=350%2C200","width":350,"height":200},"classes":[]}],"_links":{"self":[{"href":"https:\/\/www.franciscovanjole.com\/blog\/wp-json\/wp\/v2\/posts\/745","targetHints":{"allow":["GET"]}}],"collection":[{"href":"https:\/\/www.franciscovanjole.com\/blog\/wp-json\/wp\/v2\/posts"}],"about":[{"href":"https:\/\/www.franciscovanjole.com\/blog\/wp-json\/wp\/v2\/types\/post"}],"author":[{"embeddable":true,"href":"https:\/\/www.franciscovanjole.com\/blog\/wp-json\/wp\/v2\/users\/2"}],"replies":[{"embeddable":true,"href":"https:\/\/www.franciscovanjole.com\/blog\/wp-json\/wp\/v2\/comments?post=745"}],"version-history":[{"count":0,"href":"https:\/\/www.franciscovanjole.com\/blog\/wp-json\/wp\/v2\/posts\/745\/revisions"}],"wp:attachment":[{"href":"https:\/\/www.franciscovanjole.com\/blog\/wp-json\/wp\/v2\/media?parent=745"}],"wp:term":[{"taxonomy":"category","embeddable":true,"href":"https:\/\/www.franciscovanjole.com\/blog\/wp-json\/wp\/v2\/categories?post=745"},{"taxonomy":"post_tag","embeddable":true,"href":"https:\/\/www.franciscovanjole.com\/blog\/wp-json\/wp\/v2\/tags?post=745"}],"curies":[{"name":"wp","href":"https:\/\/api.w.org\/{rel}","templated":true}]}}