{"id":7664,"date":"2025-01-20T12:55:56","date_gmt":"2025-01-20T11:55:56","guid":{"rendered":"https:\/\/www.franciscovanjole.com\/blog\/2025\/01\/20\/rotterdams\/"},"modified":"2026-03-15T08:49:57","modified_gmt":"2026-03-15T07:49:57","slug":"rotterdams","status":"publish","type":"post","link":"https:\/\/www.franciscovanjole.com\/blog\/2025\/01\/20\/rotterdams\/","title":{"rendered":"Rotterdams"},"content":{"rendered":"\n<p class=\"p3\">Het was in de tijd dat Rotterdam nog een rauwe stad was, waarin de straten na 18 uur verlaten waren en als de duisternis viel het ook in alle andere opzichten duister werd. Ik was jong, woonde op een kamer, kende niemand in de stad en gezien mijn beperkte sociale vaardigheden zou daar ook niet snel verandering in komen.<\/p>\n\n\n\n<p class=\"p3\">Dus toog ik naar bijeenkomsten waar veel mensen waren. \u2018Onder de mensen begeven\u2019 zogezegd. Meestal zonder een woord met iemand te wisselen. Zo belandde ik op een avond in literair caf\u00e9 De Overheid op de Nieuwe Binnenweg, een pijpenla net om de hoek bij jazzcaf\u00e9 Dizzy. Het sociale leven speelde zich indertijd voornamelijk in caf\u00e9s af.<\/p>\n\n\n\n<p class=\"p3\">De zaak was vol, ik bleef bij binnenkomst in de buurt van de deur staan en zag hoe achterin op een kleine verhoging de ene na de andere dichter en schrijver optrad. Soms was het stil maar vaak werd er gegrinnikt.&nbsp;<\/p>\n\n\n\n<p class=\"p3\">Er trad een dichter aan met een opvallende stem en accent, Rotterdams maar tegelijkertijd iets van ver weg. Droog droeg hij gedichten voor waar de aanwezigen om schaterden. Hij las voor over het Rotterdams als een aparte taal. Over de Engelse o die het zo kenmerkt, een klank die via de haven was ge\u00efmporteerd. Er volgde luid applaus. Hij was niet alleen erg grappig maar openbaarde ook een nieuwe wereld voor me. Zo kon je dus ook vertellen. Dat wilde ik ook gaan doen. Ik kroop die nacht in bed vervuld van nieuwe ambities.<\/p>\n\n\n\n<p class=\"p3\">In het tijdschrift Hard Werken vond ik later een verhandeling van hem over waarom Rotterdammers het over \u2018de zout\u2019 hebben terwijl de rest van Nederland van \u2018het zout\u2019 spreekt. Net als met \u2018de stof\u2019 en \u2018het stof\u2019. Ik knipte het uit en hing het op de wc-deur. \u201cMe auto zit onder de stof,\u201d is een zin die ik om onverklaarbare redenen nooit vergeten ben.&nbsp;<\/p>\n\n\n\n<p class=\"p3\">In de jaren die volgden kwam ik hem vaker tegen, we spraken af en toe wat met elkaar. Altijd over Rotterdam en vaak over Zuid. Hij was verknocht aan dat stadsdeel en het beviel hem niet als ik daar de denigrerende grapjes over maakte. Dat kwam aan want hij had de autoriteit van een schoolmeester, dat wil zeggen dat ik me veel kleiner voelde tegenover hem.<\/p>\n\n\n\n<p class=\"p3\">Een schrijver die Rotterdam als onderwerp had. Een stad die gedurende zijn leven veranderde van een platgebombardeerde stenen vlakte in een metropool met wolkenkrabbers en de meest diverse bevolking van het land. Historicus in een stad waar de geschiedenis het tempo van de toekomst maar amper bij kan houden. Dat is geen gemakkelijke opgaaf.<\/p>\n\n\n\n<p class=\"p3\">Jan Oudenaarden <a href=\"https:\/\/www.rijnmond.nl\/nieuws\/1954744\/ambassadeur-van-zuid-groot-feyenoord-fan-en-voormalig-rijnmond-columnist-jan-oudenaarden-overleden\">is nu helaas zelf geschiedenis geworden<\/a>. Hij werd 81. Ik kende hem niet heel goed maar koester prettige herinneringen en vraag me af of mijn leven anders was verlopen als ik hem die avond niet had zien optreden.&nbsp;<\/p>\n\n\n\n<p>Naschrift: Roland Vonk meldde <a href=\"https:\/\/www.facebook.com\/franciscovanjole\/posts\/pfbid0Yx5hq2BHBaZzQUgx1x5TmR1aVE4RGfJ8WM1UEZ5zBREZUtsoLXcmdxa114A63iPl\">via Facebook<\/a> dat Jan zijn fameuze column kreeg bij Rijnmond na deelname aan  onze anarchistische <a href=\"https:\/\/resolver.kb.nl\/resolve?urn=ABCDDD:010867021:mpeg21:a0198\">theatershow ZieNN<\/a> in de jaren &#8217;90. Dus mooi dat de wending wederzijds was.<\/p>\n\n\n\n<p>PS: Iedere zondagavond verstuur ik&nbsp;<strong>In de Week<\/strong>, een zeer persoonlijke nieuwsbrief over wat ik de voorbije week zag, las, meemaakte en dacht.&nbsp;<a href=\"https:\/\/www.franciscovanjole.com\/blog\/in-de-week\/\">Abonneer je hier gratis<\/a>.<\/p>\n\n\n\n<p><\/p>\n","protected":false},"excerpt":{"rendered":"<p>Het was in de tijd dat Rotterdam nog een rauwe stad was, waarin de straten na 18 uur verlaten waren en als de duisternis viel het ook in alle andere opzichten duister werd. Ik was jong, woonde op een kamer, kende niemand in de stad en gezien mijn beperkte sociale vaardigheden zou daar ook niet&#8230; <a href=\"https:\/\/www.franciscovanjole.com\/blog\/2025\/01\/20\/rotterdams\/\" class=\"readmore\">Lees verder<span class=\"screen-reader-text\">Rotterdams<\/span><span class=\"fa fa-angle-double-right\" aria-hidden=\"true\"><\/span><\/a><\/p>\n","protected":false},"author":2,"featured_media":7663,"comment_status":"open","ping_status":"closed","sticky":false,"template":"","format":"standard","meta":{"advanced_seo_description":"","jetpack_seo_html_title":"","jetpack_seo_noindex":false,"_jetpack_memberships_contains_paid_content":false,"footnotes":"","jetpack_publicize_message":"Jan Oudenaarden is overleden, een historicus en dichter die mijn leven een andere wending gaf ","jetpack_publicize_feature_enabled":true,"jetpack_social_post_already_shared":true,"jetpack_social_options":{"image_generator_settings":{"template":"highway","default_image_id":0,"font":"","enabled":false},"version":2}},"categories":[5],"tags":[52,27,54],"class_list":["post-7664","post","type-post","status-publish","format-standard","has-post-thumbnail","hentry","category-leven","tag-leven","tag-literatuur","tag-rotterdam","content-layout-excerpt-thumb"],"jetpack_publicize_connections":[],"jetpack_featured_media_url":"https:\/\/www.franciscovanjole.com\/blog\/wp-content\/\/aut_2236-1.jpg","jetpack_sharing_enabled":true,"jetpack_likes_enabled":true,"jetpack-related-posts":[{"id":5425,"url":"https:\/\/www.franciscovanjole.com\/blog\/2022\/11\/19\/voortschrijdend-inzicht-in-rotterdam\/","url_meta":{"origin":7664,"position":0},"title":"Voortschrijdend inzicht in Rotterdam","author":"Francisco","date":"19 november 2022","format":false,"excerpt":"Op social media volg ik accounts met historische foto\u2019s van Rotterdam. Ik heb altijd het idee dat het vooral in deze stad een populair genre is. Net als iedereen hier ben ik opgegroeid met verhalen over een stad die niet meer bestaat. Die geheel vernietigd is. Deze week nog kwamen\u2026","rel":"","context":"In &quot;Leven&quot;","block_context":{"text":"Leven","link":"https:\/\/www.franciscovanjole.com\/blog\/category\/leven\/"},"img":{"alt_text":"","src":"https:\/\/i0.wp.com\/www.franciscovanjole.com\/blog\/wp-content\/\/93dad71c-d053-4a10-81a1-400b73ef9fa8.jpg?resize=350%2C200&ssl=1","width":350,"height":200,"srcset":"https:\/\/i0.wp.com\/www.franciscovanjole.com\/blog\/wp-content\/\/93dad71c-d053-4a10-81a1-400b73ef9fa8.jpg?resize=350%2C200&ssl=1 1x, https:\/\/i0.wp.com\/www.franciscovanjole.com\/blog\/wp-content\/\/93dad71c-d053-4a10-81a1-400b73ef9fa8.jpg?resize=525%2C300&ssl=1 1.5x, https:\/\/i0.wp.com\/www.franciscovanjole.com\/blog\/wp-content\/\/93dad71c-d053-4a10-81a1-400b73ef9fa8.jpg?resize=700%2C400&ssl=1 2x"},"classes":[]},{"id":1243,"url":"https:\/\/www.franciscovanjole.com\/blog\/2009\/09\/22\/het-probleem-van-rotterdam\/","url_meta":{"origin":7664,"position":1},"title":"Het probleem van Rotterdam","author":"Francisco","date":"22 september 2009","format":false,"excerpt":"Vanavond vindt in Lantaren\/Venster een debat plaats tussen onder andere Marcel Moring, Adriaan Geuze en Marco Pastors over de stad Rotterdam. Basis voor het debat is het essay dat Moring schreef in NRC van afgelopen zaterdag. Dat artikel is helaas niet online beschikbaar maar de discussie er over vind je\u2026","rel":"","context":"In &quot;Leven&quot;","block_context":{"text":"Leven","link":"https:\/\/www.franciscovanjole.com\/blog\/category\/leven\/"},"img":{"alt_text":"rdamstad","src":"https:\/\/i0.wp.com\/www.franciscovanjole.com\/blog\/wp-content\/uploads\/rdamstad.jpg?resize=350%2C200","width":350,"height":200},"classes":[]},{"id":3620,"url":"https:\/\/www.franciscovanjole.com\/blog\/2016\/01\/26\/ballen\/","url_meta":{"origin":7664,"position":2},"title":"Ballen","author":"Francisco","date":"26 januari 2016","format":false,"excerpt":"Ik liep langs de Ballentent, recht aan de oever van de Maas, de meest Rotterdamse horecazaak die er in de stad bestaat. Tenminste, dat wordt gezegd. Ik ben er nog nooit binnen geweest en moet eerlijk bekennen - ik zeg dit met enige schroom - dat ik vaak niet zo\u2026","rel":"","context":"In &quot;Leven&quot;","block_context":{"text":"Leven","link":"https:\/\/www.franciscovanjole.com\/blog\/category\/leven\/"},"img":{"alt_text":"","src":"https:\/\/i0.wp.com\/www.franciscovanjole.com\/blog\/wp-content\/\/4055816564_a857087c0e_b.jpg?resize=350%2C200&ssl=1","width":350,"height":200,"srcset":"https:\/\/i0.wp.com\/www.franciscovanjole.com\/blog\/wp-content\/\/4055816564_a857087c0e_b.jpg?resize=350%2C200&ssl=1 1x, https:\/\/i0.wp.com\/www.franciscovanjole.com\/blog\/wp-content\/\/4055816564_a857087c0e_b.jpg?resize=525%2C300&ssl=1 1.5x, https:\/\/i0.wp.com\/www.franciscovanjole.com\/blog\/wp-content\/\/4055816564_a857087c0e_b.jpg?resize=700%2C400&ssl=1 2x"},"classes":[]},{"id":358,"url":"https:\/\/www.franciscovanjole.com\/blog\/2005\/04\/23\/nsb-viel-best-mee\/","url_meta":{"origin":7664,"position":3},"title":"NSB viel best mee?","author":"Francisco","date":"23 april 2005","format":false,"excerpt":"'Rotterdam Durft!' is de nieuwe borstklopperskreet waarmee de stad zichzelf aanprijst. Eerst vond ik het maar een zwakke kreet, immers van durven is alleen maar sprake als je bang bent. Maar nu lijkt er toch iets van lef te gloren. Wordt Rotterdam onder de Leefbaren de eerste stad waar de\u2026","rel":"","context":"Soortgelijk bericht","block_context":{"text":"Soortgelijk bericht","link":""},"img":{"alt_text":"rdza.jpg","src":"https:\/\/i0.wp.com\/www.franciscovanjole.com\/log\/images\/rdza.jpg?resize=350%2C200","width":350,"height":200},"classes":[]},{"id":1435,"url":"https:\/\/www.franciscovanjole.com\/blog\/2010\/01\/26\/het-coolste-gebouw-van-rotterdam\/","url_meta":{"origin":7664,"position":4},"title":"Het coolste gebouw van Rotterdam","author":"Francisco","date":"26 januari 2010","format":false,"excerpt":"Rotterdam heeft een donker decennium achter de rug waarin alles dat rook naar kunst, cultuur en andere ambities werd beschimpt. De stad die jarenlang op eenzame hoogte stond als het ging om architectuur kwam soms niet eens meer voor in de lijstjes van interessante plekken. Die kleine middeleeuwen lijken voorbij.\u2026","rel":"","context":"In &quot;Leven&quot;","block_context":{"text":"Leven","link":"https:\/\/www.franciscovanjole.com\/blog\/category\/leven\/"},"img":{"alt_text":"","src":"","width":0,"height":0},"classes":[]},{"id":659,"url":"https:\/\/www.franciscovanjole.com\/blog\/2006\/11\/27\/van-wereldstad-naar-polderdorp\/","url_meta":{"origin":7664,"position":5},"title":"Van wereldstad naar polderdorp","author":"Francisco","date":"27 november 2006","format":false,"excerpt":"Vorige week viel de nieuwsbrief van het CDA Rotterdam in de mailbox. Er stond iets in over het grote meubelwinkelcentrum in de wijk Prins Alexander dat niet vaker op zondag open mag. De plaatselijke christenen hebben er namelijk een hekel aan als andere mensen plezier hebben op zondag. \"Wat het\u2026","rel":"","context":"Soortgelijk bericht","block_context":{"text":"Soortgelijk bericht","link":""},"img":{"alt_text":"zijwel.jpg","src":"https:\/\/i0.wp.com\/www.franciscovanjole.com\/log\/img\/zijwel.jpg?resize=350%2C200","width":350,"height":200},"classes":[]}],"_links":{"self":[{"href":"https:\/\/www.franciscovanjole.com\/blog\/wp-json\/wp\/v2\/posts\/7664","targetHints":{"allow":["GET"]}}],"collection":[{"href":"https:\/\/www.franciscovanjole.com\/blog\/wp-json\/wp\/v2\/posts"}],"about":[{"href":"https:\/\/www.franciscovanjole.com\/blog\/wp-json\/wp\/v2\/types\/post"}],"author":[{"embeddable":true,"href":"https:\/\/www.franciscovanjole.com\/blog\/wp-json\/wp\/v2\/users\/2"}],"replies":[{"embeddable":true,"href":"https:\/\/www.franciscovanjole.com\/blog\/wp-json\/wp\/v2\/comments?post=7664"}],"version-history":[{"count":5,"href":"https:\/\/www.franciscovanjole.com\/blog\/wp-json\/wp\/v2\/posts\/7664\/revisions"}],"predecessor-version":[{"id":8946,"href":"https:\/\/www.franciscovanjole.com\/blog\/wp-json\/wp\/v2\/posts\/7664\/revisions\/8946"}],"wp:featuredmedia":[{"embeddable":true,"href":"https:\/\/www.franciscovanjole.com\/blog\/wp-json\/wp\/v2\/media\/7663"}],"wp:attachment":[{"href":"https:\/\/www.franciscovanjole.com\/blog\/wp-json\/wp\/v2\/media?parent=7664"}],"wp:term":[{"taxonomy":"category","embeddable":true,"href":"https:\/\/www.franciscovanjole.com\/blog\/wp-json\/wp\/v2\/categories?post=7664"},{"taxonomy":"post_tag","embeddable":true,"href":"https:\/\/www.franciscovanjole.com\/blog\/wp-json\/wp\/v2\/tags?post=7664"}],"curies":[{"name":"wp","href":"https:\/\/api.w.org\/{rel}","templated":true}]}}