{"id":7716,"date":"2025-02-23T19:40:10","date_gmt":"2025-02-23T18:40:10","guid":{"rendered":"https:\/\/www.franciscovanjole.com\/blog\/?p=7716"},"modified":"2026-03-15T08:45:36","modified_gmt":"2026-03-15T07:45:36","slug":"als-je-land-een-gesticht-wordt","status":"publish","type":"post","link":"https:\/\/www.franciscovanjole.com\/blog\/2025\/02\/23\/als-je-land-een-gesticht-wordt\/","title":{"rendered":"Als je land een gesticht wordt"},"content":{"rendered":"\n<p>Op 24 februari 2022 viel het Russische leger Oekra\u00efne binnen, een daad van agressie die het hele continent bedreigt. Zeker nu Trump het op een akkoordje wil gooien met Poetin om het land te verdelen tussen de twee imperialistische grootmachten, net als in 1939 Polen werd verdeeld tussen Hitler en Stalin.<\/p>\n\n\n\n<p class=\"p3\">Rusland werd in de vorige eeuw onder meer berucht omdat mensen die er politieke kritiek uitten voor gek&nbsp;werden verklaard en in inrichtingen gestopt. De erfenis van die werkwijze is dat nu het hele land een gesticht is. Dat beeld komt naar voren uit \u2018Ik wens mijn huis as\u2019 van de Russische schrijfster en activiste Daria Serenko dat eind vorig jaar in Nederlandse vertaling verscheen.<\/p>\n\n\n\n<p class=\"p3\">Ze beschrijft in het eerste deel <em>Meisjes en instituties<\/em> haar werk in een niet nader genoemde staatsinstelling. Nou ja werk, het is volstrekt onduidelijk wat ze eigenlijk doen, ook voor henzelf. Het lijkt vooral belangrijk dat ze aanwezig zijn. Ze zijn een soort menselijk decor. <\/p>\n\n\n\n<p class=\"p3\">Net als in eerdere boeken die ik las over Rusland is de waarheid er dood verklaard. Die doet er niet toe. Dat is moeilijk voor te stellen als je leeft in een land waar de waarheid, hoe gebrekkig soms ook, een belangrijke rol speelt. Dat voormalig premier Rutte een loopje nam met de waarheid was een schande, ook al kwam hij er mee weg, mede omdat hij te glad was om te pakken te krijgen. In Rusland speelt zoiets geen rol, alleen al het idee dat een heersend politicus de waarheid zou spreken is absurd. Al lezende bekroop me het benauwende besef dat we langzaam die kant uitglijden. Wilders liegt voortdurend maar dat is geen beletsel voor zijn populariteit, net zo min als bij bijvoorbeeld Trump.<\/p>\n\n\n\n<p class=\"p3\">Zonder waarheid heerst wantrouwen:&nbsp;<\/p>\n\n\n\n<p class=\"p3\"><em>We hadden op het werk evenveel chatgroepjes als meisjes. In elk van die groepjes ontbrak een van ons, zodat de anderen haar onhebbelijkheden konden bespreken of geld bij elkaar konden leggen voor een cadeautje.&nbsp;<\/em><\/p>\n\n\n\n<p class=\"p3\">Stelselmatig achter mensen hun rug om praten is hier al &#8211; terecht &#8211; grensoverschrijdend gedrag maar daar wordt het gewoon georganiseerd.&nbsp;Er zijn politici die er baat bij hebben dat niemand elkaar vertrouwt. <\/p>\n\n\n\n<p class=\"p3\">De ziekmakende omgeving is dat niet alleen psychisch maar ook fysiek.<\/p>\n\n\n\n<p class=\"p3\"><em>Op een zeker moment werden de meisjes en ik erg ziek. Het was raar, ons haar viel uit, onze huid schilferde en onze maag kon zelfs de lunchyoghurt niet binnenhouden. Binnen een maand waren we allemaal zowat tien jaar ouder geworden.<\/em><\/p>\n\n\n\n<p class=\"p3\">Het tweede deel gaat over haar tijd in de gevangenis. Ze is veroordeeld omdat ze op sociale media een uitroepteken had geplaatst, het symbool van oppositieleider Navalny, die toen nog in leven was.<\/p>\n\n\n\n<p class=\"p3\">In de gevangenis worstelt ze met de oorlog tegen Oekra\u00efne. Ze wil geen oorlog en schaamt zich dat haar land voortdurend delen van andere landen inpikt. Dat er op grote schaal mensen vermoord worden. Vandaar de titel, waarbij huis slaat op het land zelf, waar ze aan de ene kant van houdt maar aan de andere kant niet meer mee kan leven: de fik erin.<\/p>\n\n\n\n<p class=\"p3\"><em>Al deze jaren heb ik geleerd van mijn land te houden, maar ik heb er nooit achter kunnen komen waar ik precies van hield.<\/em><\/p>\n\n\n\n<p class=\"p3\">Dat is een proces dat nu op meer plekken dreigt. Landen vallen in handen van extreemrechts en worden je ontnomen. Hoe zou het nu zijn om progressieve Amerikaan te zijn? Behalve gekmakend. Dat geldt ook voor Nederland. Ik vraag mensen wel eens wie van de kabinetsleden ze thuis uit zouden willen nodigen voor een diner met vrienden. Er zit altijd wel iemand tussen, ongeacht de politieke voorkeur. Maar in dit kabinet niet.&nbsp;<\/p>\n\n\n\n<p class=\"p3\">Inmiddels is Serenko het land ontvlucht en woont in Georgi\u00eb, een land dat ook bedreigd wordt door Russische overheersing. Zoals steeds meer landen.<\/p>\n\n\n\n<p class=\"p3\"><em><a href=\"https:\/\/www.koppernik.nl\/p\/ik-wens-mijn-huis-as-daria-serenko\/\">Ik wens mijn huis as<\/a><\/em> (inbegrepen bij Kobo Plus) is een dun boek maar geen gemakkelijke kost. De vele noten helpen je de specifieke situatie te begrijpen, de achtergronden, de cultuur. Daardoor waan je je op den duur in Rusland en wordt het nog onvoorstelbaarder dat er mensen in Nederland zijn die beweren dat Poetin een goede leider is, zoals bijvoorbeeld ook Wilders verkondigde. Het verhinderde niet dat hij de grootste partij werd. Terwijl je toch zou denken dat zoiets alleen lukt in een inrichting.<\/p>\n\n\n\n<p>PS: Iedere zondagavond verstuur ik&nbsp;<strong>In de Week<\/strong>, een zeer persoonlijke nieuwsbrief over wat ik de voorbije week zag, las, meemaakte en dacht.&nbsp;<a href=\"https:\/\/www.franciscovanjole.com\/blog\/in-de-week\/\">Abonneer je hier gratis<\/a>.<\/p>\n","protected":false},"excerpt":{"rendered":"<p>Op 24 februari 2022 viel het Russische leger Oekra\u00efne binnen, een daad van agressie die het hele continent bedreigt. Zeker nu Trump het op een akkoordje wil gooien met Poetin om het land te verdelen tussen de twee imperialistische grootmachten, net als in 1939 Polen werd verdeeld tussen Hitler en Stalin. Rusland werd in de&#8230; <a href=\"https:\/\/www.franciscovanjole.com\/blog\/2025\/02\/23\/als-je-land-een-gesticht-wordt\/\" class=\"readmore\">Lees verder<span class=\"screen-reader-text\">Als je land een gesticht wordt<\/span><span class=\"fa fa-angle-double-right\" aria-hidden=\"true\"><\/span><\/a><\/p>\n","protected":false},"author":2,"featured_media":7715,"comment_status":"open","ping_status":"closed","sticky":false,"template":"","format":"standard","meta":{"advanced_seo_description":"","jetpack_seo_html_title":"","jetpack_seo_noindex":false,"_jetpack_memberships_contains_paid_content":false,"footnotes":"","jetpack_publicize_message":"De Russische schrijfster Daria Serenko beschrijft haar leven onder het juk van Poetin. Het is om gek van te worden. ","jetpack_publicize_feature_enabled":true,"jetpack_social_post_already_shared":true,"jetpack_social_options":{"image_generator_settings":{"template":"highway","default_image_id":0,"font":"","enabled":false},"version":2}},"categories":[49],"tags":[141,27,209,190],"class_list":["post-7716","post","type-post","status-publish","format-standard","has-post-thumbnail","hentry","category-boeken","tag-boeken","tag-literatuur","tag-oekraine","tag-rusland","content-layout-excerpt-thumb"],"jetpack_publicize_connections":[],"jetpack_featured_media_url":"https:\/\/www.franciscovanjole.com\/blog\/wp-content\/\/img_9165-1.jpg","jetpack_sharing_enabled":true,"jetpack_likes_enabled":true,"jetpack-related-posts":[{"id":8343,"url":"https:\/\/www.franciscovanjole.com\/blog\/2026\/01\/08\/een-nerd-die-in-verzet-komt\/","url_meta":{"origin":7716,"position":0},"title":"Een nerd die in verzet komt","author":"Francisco","date":"8 januari 2026","format":false,"excerpt":"Ik vermoed dat iedereen zichzelf wel eens de vraag heeft gesteld of je in de oorlog, dat wil zeggen de Tweede Wereldoorlog en niet de nakende Derde, bij het verzet zou zijn gegaan. Ik denk graag \u2018ja natuurlijk\u2019 maar weet ook dat het verre van een uitgemaakte zaak is. Moed\u2026","rel":"","context":"In &quot;Film&quot;","block_context":{"text":"Film","link":"https:\/\/www.franciscovanjole.com\/blog\/category\/film\/"},"img":{"alt_text":"","src":"https:\/\/i0.wp.com\/www.franciscovanjole.com\/blog\/wp-content\/\/img_5409.jpg?resize=350%2C200&ssl=1","width":350,"height":200,"srcset":"https:\/\/i0.wp.com\/www.franciscovanjole.com\/blog\/wp-content\/\/img_5409.jpg?resize=350%2C200&ssl=1 1x, https:\/\/i0.wp.com\/www.franciscovanjole.com\/blog\/wp-content\/\/img_5409.jpg?resize=525%2C300&ssl=1 1.5x, https:\/\/i0.wp.com\/www.franciscovanjole.com\/blog\/wp-content\/\/img_5409.jpg?resize=700%2C400&ssl=1 2x, https:\/\/i0.wp.com\/www.franciscovanjole.com\/blog\/wp-content\/\/img_5409.jpg?resize=1050%2C600&ssl=1 3x, https:\/\/i0.wp.com\/www.franciscovanjole.com\/blog\/wp-content\/\/img_5409.jpg?resize=1400%2C800&ssl=1 4x"},"classes":[]},{"id":5111,"url":"https:\/\/www.franciscovanjole.com\/blog\/2022\/03\/22\/atlantis-de-film-die-de-oorlog-in-oekraine-voorspelde\/","url_meta":{"origin":7716,"position":1},"title":"Atlantis, de film die de oorlog in Oekra\u00efne voorspelde","author":"Francisco","date":"22 maart 2022","format":false,"excerpt":"Atlantis is een Oekra\u00efense film uit 2019 die voor de oorlog is wat Contagion (2011) voor de pandemie was. Je kijkt naar fictie die wordt ge\u00efmiteerd door de werkelijkheid. Life imitates art. De film, die in 2020 werd ingezonden voor de Oscars, speelt in het jaar 2025. De oorlog met\u2026","rel":"","context":"In &quot;Film&quot;","block_context":{"text":"Film","link":"https:\/\/www.franciscovanjole.com\/blog\/category\/film\/"},"img":{"alt_text":"","src":"https:\/\/i0.wp.com\/www.franciscovanjole.com\/blog\/wp-content\/\/atlantis.jpg?resize=350%2C200&ssl=1","width":350,"height":200,"srcset":"https:\/\/i0.wp.com\/www.franciscovanjole.com\/blog\/wp-content\/\/atlantis.jpg?resize=350%2C200&ssl=1 1x, https:\/\/i0.wp.com\/www.franciscovanjole.com\/blog\/wp-content\/\/atlantis.jpg?resize=525%2C300&ssl=1 1.5x, https:\/\/i0.wp.com\/www.franciscovanjole.com\/blog\/wp-content\/\/atlantis.jpg?resize=700%2C400&ssl=1 2x, https:\/\/i0.wp.com\/www.franciscovanjole.com\/blog\/wp-content\/\/atlantis.jpg?resize=1050%2C600&ssl=1 3x, https:\/\/i0.wp.com\/www.franciscovanjole.com\/blog\/wp-content\/\/atlantis.jpg?resize=1400%2C800&ssl=1 4x"},"classes":[]},{"id":6921,"url":"https:\/\/www.franciscovanjole.com\/blog\/2024\/05\/18\/amelie-op-zn-oekraiens-een-heerlijke-film\/","url_meta":{"origin":7716,"position":2},"title":"Am\u00e9lie op z\u2019n Oekra\u00efens, een heerlijke film","author":"Francisco","date":"18 mei 2024","format":false,"excerpt":"The Taste of Freedom is een soort Oekra\u00efense variant op de klassieker Am\u00e9lie. Een romantische comedy, sprookjesachtig verfilmd, over een jonge vrouw die van het platteland naar de stad trekt om haar droom te realiseren: sterrenkok worden. De film is vorige maand in premi\u00e8re gegaan maar duidelijk bedacht en grotendeels\u2026","rel":"","context":"In &quot;Film&quot;","block_context":{"text":"Film","link":"https:\/\/www.franciscovanjole.com\/blog\/category\/film\/"},"img":{"alt_text":"","src":"https:\/\/i0.wp.com\/www.franciscovanjole.com\/blog\/wp-content\/\/img_3784-1.jpg?resize=350%2C200&ssl=1","width":350,"height":200,"srcset":"https:\/\/i0.wp.com\/www.franciscovanjole.com\/blog\/wp-content\/\/img_3784-1.jpg?resize=350%2C200&ssl=1 1x, https:\/\/i0.wp.com\/www.franciscovanjole.com\/blog\/wp-content\/\/img_3784-1.jpg?resize=525%2C300&ssl=1 1.5x, https:\/\/i0.wp.com\/www.franciscovanjole.com\/blog\/wp-content\/\/img_3784-1.jpg?resize=700%2C400&ssl=1 2x, https:\/\/i0.wp.com\/www.franciscovanjole.com\/blog\/wp-content\/\/img_3784-1.jpg?resize=1050%2C600&ssl=1 3x, https:\/\/i0.wp.com\/www.franciscovanjole.com\/blog\/wp-content\/\/img_3784-1.jpg?resize=1400%2C800&ssl=1 4x"},"classes":[]},{"id":8272,"url":"https:\/\/www.franciscovanjole.com\/blog\/2025\/12\/29\/de-nieuwe-tsaar\/","url_meta":{"origin":7716,"position":3},"title":"De nieuwe tsaar","author":"Francisco","date":"29 december 2025","format":false,"excerpt":"Laat me het jaar positief eindigen. Op de valreep van 2025 zag ik de indrukwekkendste film en las ik het indrukwekkendste boek van het jaar. Dus wie weet wat 2026 in petto heeft. Eerder dit jaar was ik verrast door Het Uur van de Wolven, van de Italiaanse auteur Giuliano\u2026","rel":"","context":"In &quot;Boeken&quot;","block_context":{"text":"Boeken","link":"https:\/\/www.franciscovanjole.com\/blog\/category\/boeken\/"},"img":{"alt_text":"","src":"https:\/\/i0.wp.com\/www.franciscovanjole.com\/blog\/wp-content\/\/img_4851.jpg?resize=350%2C200&ssl=1","width":350,"height":200,"srcset":"https:\/\/i0.wp.com\/www.franciscovanjole.com\/blog\/wp-content\/\/img_4851.jpg?resize=350%2C200&ssl=1 1x, https:\/\/i0.wp.com\/www.franciscovanjole.com\/blog\/wp-content\/\/img_4851.jpg?resize=525%2C300&ssl=1 1.5x, https:\/\/i0.wp.com\/www.franciscovanjole.com\/blog\/wp-content\/\/img_4851.jpg?resize=700%2C400&ssl=1 2x, https:\/\/i0.wp.com\/www.franciscovanjole.com\/blog\/wp-content\/\/img_4851.jpg?resize=1050%2C600&ssl=1 3x, https:\/\/i0.wp.com\/www.franciscovanjole.com\/blog\/wp-content\/\/img_4851.jpg?resize=1400%2C800&ssl=1 4x"},"classes":[]},{"id":297,"url":"https:\/\/www.franciscovanjole.com\/blog\/2005\/02\/21\/foute-familie\/","url_meta":{"origin":7716,"position":4},"title":"Foute familie","author":"Francisco","date":"21 februari 2005","format":false,"excerpt":"Er is een oom die ik nooit heb gekend maar hij was het lievelingsbroertje van mijn moeder. Als ze over hem sprak kreeg ze tranen in haar ogen. Hij was zo intelligent, zo zacht, zo vol liefde en zo enorm devoot. Ja, hij was in dienst van de Waffen-SS getreden\u2026","rel":"","context":"Soortgelijk bericht","block_context":{"text":"Soortgelijk bericht","link":""},"img":{"alt_text":"","src":"","width":0,"height":0},"classes":[]},{"id":5709,"url":"https:\/\/www.franciscovanjole.com\/blog\/2023\/02\/07\/pedofiliebeschuldiging-als-middel-om-tegenstanders-uit-te-schakelen\/","url_meta":{"origin":7716,"position":5},"title":"Pedofiliebeschuldiging als middel om tegenstanders uit te schakelen","author":"Francisco","date":"7 februari 2023","format":false,"excerpt":"Net nadat extreemrechts dit weekend de jacht had geopend op een kinderboekenschrijver met de zelfverzonnen beschuldiging dat hij pedofiel zou zijn, zag ik een film over een man die dat ook overkomt. Het blijkt in Rusland een bekende methode om politieke tegenstanders uit te schakelen. Kompromat noemen ze dat. Een\u2026","rel":"","context":"In &quot;Film&quot;","block_context":{"text":"Film","link":"https:\/\/www.franciscovanjole.com\/blog\/category\/film\/"},"img":{"alt_text":"","src":"https:\/\/i0.wp.com\/www.franciscovanjole.com\/blog\/wp-content\/\/img_8693.jpg?resize=350%2C200&ssl=1","width":350,"height":200,"srcset":"https:\/\/i0.wp.com\/www.franciscovanjole.com\/blog\/wp-content\/\/img_8693.jpg?resize=350%2C200&ssl=1 1x, https:\/\/i0.wp.com\/www.franciscovanjole.com\/blog\/wp-content\/\/img_8693.jpg?resize=525%2C300&ssl=1 1.5x, https:\/\/i0.wp.com\/www.franciscovanjole.com\/blog\/wp-content\/\/img_8693.jpg?resize=700%2C400&ssl=1 2x, https:\/\/i0.wp.com\/www.franciscovanjole.com\/blog\/wp-content\/\/img_8693.jpg?resize=1050%2C600&ssl=1 3x, https:\/\/i0.wp.com\/www.franciscovanjole.com\/blog\/wp-content\/\/img_8693.jpg?resize=1400%2C800&ssl=1 4x"},"classes":[]}],"_links":{"self":[{"href":"https:\/\/www.franciscovanjole.com\/blog\/wp-json\/wp\/v2\/posts\/7716","targetHints":{"allow":["GET"]}}],"collection":[{"href":"https:\/\/www.franciscovanjole.com\/blog\/wp-json\/wp\/v2\/posts"}],"about":[{"href":"https:\/\/www.franciscovanjole.com\/blog\/wp-json\/wp\/v2\/types\/post"}],"author":[{"embeddable":true,"href":"https:\/\/www.franciscovanjole.com\/blog\/wp-json\/wp\/v2\/users\/2"}],"replies":[{"embeddable":true,"href":"https:\/\/www.franciscovanjole.com\/blog\/wp-json\/wp\/v2\/comments?post=7716"}],"version-history":[{"count":4,"href":"https:\/\/www.franciscovanjole.com\/blog\/wp-json\/wp\/v2\/posts\/7716\/revisions"}],"predecessor-version":[{"id":8937,"href":"https:\/\/www.franciscovanjole.com\/blog\/wp-json\/wp\/v2\/posts\/7716\/revisions\/8937"}],"wp:featuredmedia":[{"embeddable":true,"href":"https:\/\/www.franciscovanjole.com\/blog\/wp-json\/wp\/v2\/media\/7715"}],"wp:attachment":[{"href":"https:\/\/www.franciscovanjole.com\/blog\/wp-json\/wp\/v2\/media?parent=7716"}],"wp:term":[{"taxonomy":"category","embeddable":true,"href":"https:\/\/www.franciscovanjole.com\/blog\/wp-json\/wp\/v2\/categories?post=7716"},{"taxonomy":"post_tag","embeddable":true,"href":"https:\/\/www.franciscovanjole.com\/blog\/wp-json\/wp\/v2\/tags?post=7716"}],"curies":[{"name":"wp","href":"https:\/\/api.w.org\/{rel}","templated":true}]}}